[
{
"id": 124589,
"dsTags": [
"PACOTE",
"FERIADOS",
"INTERNACIONAL"
],
"dtEntrada": null,
"dtSaida": null,
"nmTopVenda": "Carnaval 2027| Cancun sa\u00edda S\u00e3o Paulo \u200b\u2708\ufe0f",
"dsUrlImg": "https:\/\/media.infotravel.com.br\/image\/upload\/c_scale,h_200\/B671EA6EA682BA2CCF623D047636FEBE.png",
"dsUrlImgDetalhe": "https:\/\/media.infotravel.com.br\/image\/upload\/c_scale,h_200\/B28B539287CCCA318D8EB504C5CBC0CF.png",
"stManual": true,
"bannerType": "CONVENCIONAL",
"nrParcela": 12,
"dsDestaque": "Bloqueio a\u00e9reo",
"dsBanner": "<img src=\"https:\/\/d335luupugsy2.cloudfront.net\/cms%2Ffiles%2F97825%2F17853351311066-2026_AVIRRP_Cancun_carnaval_2027_SAO.png\">",
"vlTotal": 6216,
"vlTotalTaxa": 0,
"vlPagamento": 6216,
"sgMoeda": "R$",
"idPacote": null,
"tpOrigem": null,
"sgOrigem": null,
"nmOrigem": "S\u00e3o Paulo, Regi\u00e3o Sudeste, Brasil",
"idOrigem": 2802,
"tpDestino": null,
"sgDestino": null,
"nmDestino": "Cancun, Quintana Roo, M\u00e9xico",
"idDestino": 858,
"idHotel": null,
"idEmpresa": 1,
"dsReservaTipo": "PACOTE A\u00c9REO\n",
"dtInclusao": "2026-08-02T21:57:26Z",
"dtValidade": "2026-08-31T23:59:00Z",
"idUnidade": 1093,
"idPontoVenda": null,
"chave": null,
"WSTopVenda": "{\"topVendaId\":124589,\"dsUrlBanner\":\"https:\/\/media.infotravel.com.br\/image\/upload\/c_scale,h_200\/B671EA6EA682BA2CCF623D047636FEBE.png\",\"dsUrlBannerDetalhe\":\"https:\/\/media.infotravel.com.br\/image\/upload\/c_scale,h_200\/B28B539287CCCA318D8EB504C5CBC0CF.png\",\"imagenBannerList\":[],\"sgMoeda\":\"R$\",\"vlTotal\":6216.0,\"reservaPacote\":{\"keyPacoteParametro\":\"}{}{}{}{}{}{}{}{#|#F41FC8857F1BFF94DEFB4043BF159C6E\",\"origem\":{\"id\":2802,\"nm\":\"S\u00e3o Paulo, Regi\u00e3o Sudeste, Brasil\",\"am\":\"\",\"po\":false},\"destino\":{\"id\":858,\"nm\":\"Cancun, Quintana Roo, M\u00e9xico\",\"am\":\"\",\"po\":false},\"vlComissaoAjuste\":0.0,\"stSelecionado\":false,\"stInfoxInfo\":false,\"stFornecedorDocObrigatorio\":false},\"dsBanner\":\"\\u003cimg src\\u003d\\\"https:\/\/d335luupugsy2.cloudfront.net\/cms%2Ffiles%2F97825%2F17853351311066-2026_AVIRRP_Cancun_carnaval_2027_SAO.png\\\"\\u003e\",\"dsDestaque\":\"Bloqueio a\u00e9reo\",\"nmBanner\":\"Carnaval 2027| Cancun sa\u00edda S\u00e3o Paulo \u200b\u2708\ufe0f\",\"dsReservaTipo\":\"PACOTE A\u00c9REO\\n\",\"sgReservaTipo\":\"PACAER\",\"dsTag\":\"PACOTE,FERIADOS,INTERNACIONAL\",\"stManual\":true,\"dsLogo\":\"https:\/\/media.infotravel.com.br\/image\/upload\/c_scale,h_200\/BB77D03B45CFC46A5B5BFE5B7E32CF00.png\",\"qtParcela\":12}"
}
]